{"id":2612,"date":"2021-06-04T19:40:18","date_gmt":"2021-06-04T22:40:18","guid":{"rendered":"https:\/\/www.fakebook.eco.br\/?p=2612"},"modified":"2021-06-07T09:41:02","modified_gmt":"2021-06-07T12:41:02","slug":"dia-mundial-do-meio-ambiente-o-que-voce-precisa-saber-sobre-os-pls-que-ameacam-a-preservacao-no-pais","status":"publish","type":"post","link":"https:\/\/fakebook.eco.br\/en\/dia-mundial-do-meio-ambiente-o-que-voce-precisa-saber-sobre-os-pls-que-ameacam-a-preservacao-no-pais\/","title":{"rendered":"Dia Mundial do Meio Ambiente: o que voc\u00ea precisa saber sobre os PLs que amea\u00e7am a preserva\u00e7\u00e3o no pa\u00eds"},"content":{"rendered":"<p class=\"qtranxs-available-languages-message qtranxs-available-languages-message-en\">Sorry, this entry is only available in <a href=\"https:\/\/fakebook.eco.br\/pt\/wp-json\/wp\/v2\/posts\/2612\" class=\"qtranxs-available-language-link qtranxs-available-language-link-pt\" title=\"Portugu\u00eas do Brasil\">Portugu\u00eas do Brasil<\/a>.<\/p>","protected":false},"excerpt":{"rendered":"<p class=\"qtranxs-available-languages-message qtranxs-available-languages-message-en\">Sorry, this entry is only available in <a href=\"https:\/\/fakebook.eco.br\/pt\/wp-json\/wp\/v2\/posts\/2612\" class=\"qtranxs-available-language-link qtranxs-available-language-link-pt\" title=\"Portugu\u00eas do Brasil\">Portugu\u00eas do Brasil<\/a>.<\/p>\n","protected":false},"author":1,"featured_media":2621,"comment_status":"closed","ping_status":"open","sticky":false,"template":"","format":"standard","meta":{"_monsterinsights_skip_tracking":false,"_monsterinsights_sitenote_active":false,"_monsterinsights_sitenote_note":"","_monsterinsights_sitenote_category":0,"_jetpack_memberships_contains_paid_content":false,"footnotes":""},"categories":[26],"tags":[130,64,51],"class_list":["post-2612","post","type-post","status-publish","format-standard","has-post-thumbnail","hentry","category-fakebook-explica","tag-grilagem","tag-licenciamento-ambiental","tag-terras-indigenas"],"yoast_head":"<!-- This site is optimized with the Yoast SEO plugin v26.1.1 - https:\/\/yoast.com\/wordpress\/plugins\/seo\/ -->\n<title><\/title>\n<meta name=\"robots\" content=\"index, follow, max-snippet:-1, max-image-preview:large, max-video-preview:-1\" \/>\n<link rel=\"canonical\" href=\"https:\/\/fakebook.eco.br\/dia-mundial-do-meio-ambiente-o-que-voce-precisa-saber-sobre-os-pls-que-ameacam-a-preservacao-no-pais\/\" \/>\n<meta name=\"twitter:label1\" content=\"Written by\" \/>\n\t<meta name=\"twitter:data1\" content=\"Fakebook.eco\" \/>\n<script type=\"application\/ld+json\" class=\"yoast-schema-graph\">{\"@context\":\"https:\/\/schema.org\",\"@graph\":[{\"@type\":\"Article\",\"@id\":\"https:\/\/fakebook.eco.br\/dia-mundial-do-meio-ambiente-o-que-voce-precisa-saber-sobre-os-pls-que-ameacam-a-preservacao-no-pais\/#article\",\"isPartOf\":{\"@id\":\"https:\/\/fakebook.eco.br\/dia-mundial-do-meio-ambiente-o-que-voce-precisa-saber-sobre-os-pls-que-ameacam-a-preservacao-no-pais\/\"},\"author\":{\"name\":\"Fakebook.eco\",\"@id\":\"https:\/\/fakebook.eco.br\/#\/schema\/person\/371b1acccefc9a54682a4beb0d74697b\"},\"headline\":\"Dia Mundial do Meio Ambiente: o que voc\u00ea precisa saber sobre os PLs que amea\u00e7am a preserva\u00e7\u00e3o no pa\u00eds\",\"datePublished\":\"2021-06-04T22:40:18+00:00\",\"dateModified\":\"2021-06-07T12:41:02+00:00\",\"mainEntityOfPage\":{\"@id\":\"https:\/\/fakebook.eco.br\/dia-mundial-do-meio-ambiente-o-que-voce-precisa-saber-sobre-os-pls-que-ameacam-a-preservacao-no-pais\/\"},\"wordCount\":3224,\"publisher\":{\"@id\":\"https:\/\/fakebook.eco.br\/#organization\"},\"image\":{\"@id\":\"https:\/\/fakebook.eco.br\/dia-mundial-do-meio-ambiente-o-que-voce-precisa-saber-sobre-os-pls-que-ameacam-a-preservacao-no-pais\/#primaryimage\"},\"thumbnailUrl\":\"https:\/\/fakebook.eco.br\/wp-content\/uploads\/2021\/06\/38197293234_5b245dd7542_k.jpg\",\"keywords\":[\"grilagem\",\"licenciamento ambiental\",\"Terras ind\u00edgenas\"],\"articleSection\":[\"Fakebook explains\"],\"inLanguage\":\"en-US\"},{\"@type\":\"WebPage\",\"@id\":\"https:\/\/fakebook.eco.br\/dia-mundial-do-meio-ambiente-o-que-voce-precisa-saber-sobre-os-pls-que-ameacam-a-preservacao-no-pais\/\",\"url\":\"https:\/\/fakebook.eco.br\/dia-mundial-do-meio-ambiente-o-que-voce-precisa-saber-sobre-os-pls-que-ameacam-a-preservacao-no-pais\/\",\"name\":\"[:pt]Dia Mundial do Meio Ambiente: o que voc\u00ea precisa saber sobre os PLs que amea\u00e7am a preserva\u00e7\u00e3o no pa\u00eds[:] - Fakebook\",\"isPartOf\":{\"@id\":\"https:\/\/fakebook.eco.br\/#website\"},\"primaryImageOfPage\":{\"@id\":\"https:\/\/fakebook.eco.br\/dia-mundial-do-meio-ambiente-o-que-voce-precisa-saber-sobre-os-pls-que-ameacam-a-preservacao-no-pais\/#primaryimage\"},\"image\":{\"@id\":\"https:\/\/fakebook.eco.br\/dia-mundial-do-meio-ambiente-o-que-voce-precisa-saber-sobre-os-pls-que-ameacam-a-preservacao-no-pais\/#primaryimage\"},\"thumbnailUrl\":\"https:\/\/fakebook.eco.br\/wp-content\/uploads\/2021\/06\/38197293234_5b245dd7542_k.jpg\",\"datePublished\":\"2021-06-04T22:40:18+00:00\",\"dateModified\":\"2021-06-07T12:41:02+00:00\",\"breadcrumb\":{\"@id\":\"https:\/\/fakebook.eco.br\/dia-mundial-do-meio-ambiente-o-que-voce-precisa-saber-sobre-os-pls-que-ameacam-a-preservacao-no-pais\/#breadcrumb\"},\"inLanguage\":\"en-US\",\"potentialAction\":[{\"@type\":\"ReadAction\",\"target\":[\"https:\/\/fakebook.eco.br\/dia-mundial-do-meio-ambiente-o-que-voce-precisa-saber-sobre-os-pls-que-ameacam-a-preservacao-no-pais\/\"]}]},{\"@type\":\"ImageObject\",\"inLanguage\":\"en-US\",\"@id\":\"https:\/\/fakebook.eco.br\/dia-mundial-do-meio-ambiente-o-que-voce-precisa-saber-sobre-os-pls-que-ameacam-a-preservacao-no-pais\/#primaryimage\",\"url\":\"https:\/\/fakebook.eco.br\/wp-content\/uploads\/2021\/06\/38197293234_5b245dd7542_k.jpg\",\"contentUrl\":\"https:\/\/fakebook.eco.br\/wp-content\/uploads\/2021\/06\/38197293234_5b245dd7542_k.jpg\",\"width\":2047,\"height\":1228,\"caption\":\"Terra Ind\u00edgena Kayap\u00f3, Par\u00e1, 2017 (Foto: Felipe Werneck)\"},{\"@type\":\"BreadcrumbList\",\"@id\":\"https:\/\/fakebook.eco.br\/dia-mundial-do-meio-ambiente-o-que-voce-precisa-saber-sobre-os-pls-que-ameacam-a-preservacao-no-pais\/#breadcrumb\",\"itemListElement\":[{\"@type\":\"ListItem\",\"position\":1,\"name\":\"In\u00edcio\",\"item\":\"https:\/\/fakebook.eco.br\/\"},{\"@type\":\"ListItem\",\"position\":2,\"name\":\"Dia Mundial do Meio Ambiente: o que voc\u00ea precisa saber sobre os PLs que amea\u00e7am a preserva\u00e7\u00e3o no pa\u00eds\"}]},{\"@type\":\"WebSite\",\"@id\":\"https:\/\/fakebook.eco.br\/#website\",\"url\":\"https:\/\/fakebook.eco.br\/\",\"name\":\"Fakebook\",\"description\":\"Combatendo a desinforma\u00e7\u00e3o ambiental\",\"publisher\":{\"@id\":\"https:\/\/fakebook.eco.br\/#organization\"},\"potentialAction\":[{\"@type\":\"SearchAction\",\"target\":{\"@type\":\"EntryPoint\",\"urlTemplate\":\"https:\/\/fakebook.eco.br\/?s={search_term_string}\"},\"query-input\":{\"@type\":\"PropertyValueSpecification\",\"valueRequired\":true,\"valueName\":\"search_term_string\"}}],\"inLanguage\":\"en-US\"},{\"@type\":\"Organization\",\"@id\":\"https:\/\/fakebook.eco.br\/#organization\",\"name\":\"Fakebook.eco.br\",\"url\":\"https:\/\/fakebook.eco.br\/\",\"logo\":{\"@type\":\"ImageObject\",\"inLanguage\":\"en-US\",\"@id\":\"https:\/\/fakebook.eco.br\/#\/schema\/logo\/image\/\",\"url\":\"http:\/\/35.166.57.135\/wp-content\/uploads\/2020\/06\/logo.svg\",\"contentUrl\":\"http:\/\/35.166.57.135\/wp-content\/uploads\/2020\/06\/logo.svg\",\"width\":192,\"height\":21,\"caption\":\"Fakebook.eco.br\"},\"image\":{\"@id\":\"https:\/\/fakebook.eco.br\/#\/schema\/logo\/image\/\"}},{\"@type\":\"Person\",\"@id\":\"https:\/\/fakebook.eco.br\/#\/schema\/person\/371b1acccefc9a54682a4beb0d74697b\",\"name\":\"Fakebook.eco\",\"image\":{\"@type\":\"ImageObject\",\"inLanguage\":\"en-US\",\"@id\":\"https:\/\/fakebook.eco.br\/#\/schema\/person\/image\/\",\"url\":\"https:\/\/secure.gravatar.com\/avatar\/381089580e0abdc018cd2685ac8669907f232f0580443a429c45c0ed392531ec?s=96&d=mm&r=g\",\"contentUrl\":\"https:\/\/secure.gravatar.com\/avatar\/381089580e0abdc018cd2685ac8669907f232f0580443a429c45c0ed392531ec?s=96&d=mm&r=g\",\"caption\":\"Fakebook.eco\"},\"sameAs\":[\"http:\/\/35.166.57.135\"]}]}<\/script>\n<!-- \/ Yoast SEO plugin. -->","yoast_head_json":{"title":"[:pt]Dia Mundial do Meio Ambiente: o que voc\u00ea precisa saber sobre os PLs que amea\u00e7am a preserva\u00e7\u00e3o no pa\u00eds[:] - Fakebook","robots":{"index":"index","follow":"follow","max-snippet":"max-snippet:-1","max-image-preview":"max-image-preview:large","max-video-preview":"max-video-preview:-1"},"canonical":"https:\/\/fakebook.eco.br\/dia-mundial-do-meio-ambiente-o-que-voce-precisa-saber-sobre-os-pls-que-ameacam-a-preservacao-no-pais\/","twitter_misc":{"Written by":"Fakebook.eco"},"schema":{"@context":"https:\/\/schema.org","@graph":[{"@type":"Article","@id":"https:\/\/fakebook.eco.br\/dia-mundial-do-meio-ambiente-o-que-voce-precisa-saber-sobre-os-pls-que-ameacam-a-preservacao-no-pais\/#article","isPartOf":{"@id":"https:\/\/fakebook.eco.br\/dia-mundial-do-meio-ambiente-o-que-voce-precisa-saber-sobre-os-pls-que-ameacam-a-preservacao-no-pais\/"},"author":{"name":"Fakebook.eco","@id":"https:\/\/fakebook.eco.br\/#\/schema\/person\/371b1acccefc9a54682a4beb0d74697b"},"headline":"Dia Mundial do Meio Ambiente: o que voc\u00ea precisa saber sobre os PLs que amea\u00e7am a preserva\u00e7\u00e3o no pa\u00eds","datePublished":"2021-06-04T22:40:18+00:00","dateModified":"2021-06-07T12:41:02+00:00","mainEntityOfPage":{"@id":"https:\/\/fakebook.eco.br\/dia-mundial-do-meio-ambiente-o-que-voce-precisa-saber-sobre-os-pls-que-ameacam-a-preservacao-no-pais\/"},"wordCount":3224,"publisher":{"@id":"https:\/\/fakebook.eco.br\/#organization"},"image":{"@id":"https:\/\/fakebook.eco.br\/dia-mundial-do-meio-ambiente-o-que-voce-precisa-saber-sobre-os-pls-que-ameacam-a-preservacao-no-pais\/#primaryimage"},"thumbnailUrl":"https:\/\/fakebook.eco.br\/wp-content\/uploads\/2021\/06\/38197293234_5b245dd7542_k.jpg","keywords":["grilagem","licenciamento ambiental","Terras ind\u00edgenas"],"articleSection":["Fakebook explains"],"inLanguage":"en-US"},{"@type":"WebPage","@id":"https:\/\/fakebook.eco.br\/dia-mundial-do-meio-ambiente-o-que-voce-precisa-saber-sobre-os-pls-que-ameacam-a-preservacao-no-pais\/","url":"https:\/\/fakebook.eco.br\/dia-mundial-do-meio-ambiente-o-que-voce-precisa-saber-sobre-os-pls-que-ameacam-a-preservacao-no-pais\/","name":"[:pt]Dia Mundial do Meio Ambiente: o que voc\u00ea precisa saber sobre os PLs que amea\u00e7am a preserva\u00e7\u00e3o no pa\u00eds[:] - Fakebook","isPartOf":{"@id":"https:\/\/fakebook.eco.br\/#website"},"primaryImageOfPage":{"@id":"https:\/\/fakebook.eco.br\/dia-mundial-do-meio-ambiente-o-que-voce-precisa-saber-sobre-os-pls-que-ameacam-a-preservacao-no-pais\/#primaryimage"},"image":{"@id":"https:\/\/fakebook.eco.br\/dia-mundial-do-meio-ambiente-o-que-voce-precisa-saber-sobre-os-pls-que-ameacam-a-preservacao-no-pais\/#primaryimage"},"thumbnailUrl":"https:\/\/fakebook.eco.br\/wp-content\/uploads\/2021\/06\/38197293234_5b245dd7542_k.jpg","datePublished":"2021-06-04T22:40:18+00:00","dateModified":"2021-06-07T12:41:02+00:00","breadcrumb":{"@id":"https:\/\/fakebook.eco.br\/dia-mundial-do-meio-ambiente-o-que-voce-precisa-saber-sobre-os-pls-que-ameacam-a-preservacao-no-pais\/#breadcrumb"},"inLanguage":"en-US","potentialAction":[{"@type":"ReadAction","target":["https:\/\/fakebook.eco.br\/dia-mundial-do-meio-ambiente-o-que-voce-precisa-saber-sobre-os-pls-que-ameacam-a-preservacao-no-pais\/"]}]},{"@type":"ImageObject","inLanguage":"en-US","@id":"https:\/\/fakebook.eco.br\/dia-mundial-do-meio-ambiente-o-que-voce-precisa-saber-sobre-os-pls-que-ameacam-a-preservacao-no-pais\/#primaryimage","url":"https:\/\/fakebook.eco.br\/wp-content\/uploads\/2021\/06\/38197293234_5b245dd7542_k.jpg","contentUrl":"https:\/\/fakebook.eco.br\/wp-content\/uploads\/2021\/06\/38197293234_5b245dd7542_k.jpg","width":2047,"height":1228,"caption":"Terra Ind\u00edgena Kayap\u00f3, Par\u00e1, 2017 (Foto: Felipe Werneck)"},{"@type":"BreadcrumbList","@id":"https:\/\/fakebook.eco.br\/dia-mundial-do-meio-ambiente-o-que-voce-precisa-saber-sobre-os-pls-que-ameacam-a-preservacao-no-pais\/#breadcrumb","itemListElement":[{"@type":"ListItem","position":1,"name":"In\u00edcio","item":"https:\/\/fakebook.eco.br\/"},{"@type":"ListItem","position":2,"name":"Dia Mundial do Meio Ambiente: o que voc\u00ea precisa saber sobre os PLs que amea\u00e7am a preserva\u00e7\u00e3o no pa\u00eds"}]},{"@type":"WebSite","@id":"https:\/\/fakebook.eco.br\/#website","url":"https:\/\/fakebook.eco.br\/","name":"Fakebook","description":"Combatendo a desinforma\u00e7\u00e3o ambiental","publisher":{"@id":"https:\/\/fakebook.eco.br\/#organization"},"potentialAction":[{"@type":"SearchAction","target":{"@type":"EntryPoint","urlTemplate":"https:\/\/fakebook.eco.br\/?s={search_term_string}"},"query-input":{"@type":"PropertyValueSpecification","valueRequired":true,"valueName":"search_term_string"}}],"inLanguage":"en-US"},{"@type":"Organization","@id":"https:\/\/fakebook.eco.br\/#organization","name":"Fakebook.eco.br","url":"https:\/\/fakebook.eco.br\/","logo":{"@type":"ImageObject","inLanguage":"en-US","@id":"https:\/\/fakebook.eco.br\/#\/schema\/logo\/image\/","url":"http:\/\/35.166.57.135\/wp-content\/uploads\/2020\/06\/logo.svg","contentUrl":"http:\/\/35.166.57.135\/wp-content\/uploads\/2020\/06\/logo.svg","width":192,"height":21,"caption":"Fakebook.eco.br"},"image":{"@id":"https:\/\/fakebook.eco.br\/#\/schema\/logo\/image\/"}},{"@type":"Person","@id":"https:\/\/fakebook.eco.br\/#\/schema\/person\/371b1acccefc9a54682a4beb0d74697b","name":"Fakebook.eco","image":{"@type":"ImageObject","inLanguage":"en-US","@id":"https:\/\/fakebook.eco.br\/#\/schema\/person\/image\/","url":"https:\/\/secure.gravatar.com\/avatar\/381089580e0abdc018cd2685ac8669907f232f0580443a429c45c0ed392531ec?s=96&d=mm&r=g","contentUrl":"https:\/\/secure.gravatar.com\/avatar\/381089580e0abdc018cd2685ac8669907f232f0580443a429c45c0ed392531ec?s=96&d=mm&r=g","caption":"Fakebook.eco"},"sameAs":["http:\/\/35.166.57.135"]}]}},"jetpack_featured_media_url":"https:\/\/fakebook.eco.br\/wp-content\/uploads\/2021\/06\/38197293234_5b245dd7542_k.jpg","jetpack_sharing_enabled":true,"_links":{"self":[{"href":"https:\/\/fakebook.eco.br\/en\/wp-json\/wp\/v2\/posts\/2612","targetHints":{"allow":["GET"]}}],"collection":[{"href":"https:\/\/fakebook.eco.br\/en\/wp-json\/wp\/v2\/posts"}],"about":[{"href":"https:\/\/fakebook.eco.br\/en\/wp-json\/wp\/v2\/types\/post"}],"author":[{"embeddable":true,"href":"https:\/\/fakebook.eco.br\/en\/wp-json\/wp\/v2\/users\/1"}],"replies":[{"embeddable":true,"href":"https:\/\/fakebook.eco.br\/en\/wp-json\/wp\/v2\/comments?post=2612"}],"version-history":[{"count":0,"href":"https:\/\/fakebook.eco.br\/en\/wp-json\/wp\/v2\/posts\/2612\/revisions"}],"wp:featuredmedia":[{"embeddable":true,"href":"https:\/\/fakebook.eco.br\/en\/wp-json\/wp\/v2\/media\/2621"}],"wp:attachment":[{"href":"https:\/\/fakebook.eco.br\/en\/wp-json\/wp\/v2\/media?parent=2612"}],"wp:term":[{"taxonomy":"category","embeddable":true,"href":"https:\/\/fakebook.eco.br\/en\/wp-json\/wp\/v2\/categories?post=2612"},{"taxonomy":"post_tag","embeddable":true,"href":"https:\/\/fakebook.eco.br\/en\/wp-json\/wp\/v2\/tags?post=2612"}],"curies":[{"name":"wp","href":"https:\/\/api.w.org\/{rel}","templated":true}]}}