{"id":3285,"date":"2022-08-15T06:00:25","date_gmt":"2022-08-15T09:00:25","guid":{"rendered":"https:\/\/fakebook.eco.br\/?p=3285"},"modified":"2022-11-24T15:03:28","modified_gmt":"2022-11-24T18:03:28","slug":"17-delirios-ambientais-do-plano-de-governo-do-jair","status":"publish","type":"post","link":"https:\/\/fakebook.eco.br\/en\/17-delirios-ambientais-do-plano-de-governo-do-jair\/","title":{"rendered":"17 del\u00edrios ambientais do plano de governo do Jair"},"content":{"rendered":"<p class=\"qtranxs-available-languages-message qtranxs-available-languages-message-en\">Sorry, this entry is only available in <a href=\"https:\/\/fakebook.eco.br\/pt\/wp-json\/wp\/v2\/posts\/3285\" class=\"qtranxs-available-language-link qtranxs-available-language-link-pt\" title=\"Portugu\u00eas do Brasil\">Portugu\u00eas do Brasil<\/a>.<\/p>","protected":false},"excerpt":{"rendered":"<p class=\"qtranxs-available-languages-message qtranxs-available-languages-message-en\">Sorry, this entry is only available in <a href=\"https:\/\/fakebook.eco.br\/pt\/wp-json\/wp\/v2\/posts\/3285\" class=\"qtranxs-available-language-link qtranxs-available-language-link-pt\" title=\"Portugu\u00eas do Brasil\">Portugu\u00eas do Brasil<\/a>.<\/p>\n","protected":false},"author":6,"featured_media":3294,"comment_status":"closed","ping_status":"open","sticky":false,"template":"","format":"standard","meta":{"_monsterinsights_skip_tracking":false,"_monsterinsights_sitenote_active":false,"_monsterinsights_sitenote_note":"","_monsterinsights_sitenote_category":0,"_jetpack_memberships_contains_paid_content":false,"footnotes":""},"categories":[4],"tags":[5,174,287,173,32,61,289,288,290],"class_list":["post-3285","post","type-post","status-publish","format-standard","has-post-thumbnail","hentry","category-opiniao","tag-amazonia","tag-combustiveis-fosseis","tag-eleicoes-2022","tag-emissoes","tag-inpe","tag-jair-bolsonaro","tag-lixo","tag-plano-de-governo","tag-povos-indigena"],"yoast_head":"<!-- This site is optimized with the Yoast SEO plugin v26.1.1 - https:\/\/yoast.com\/wordpress\/plugins\/seo\/ -->\n<title><\/title>\n<meta name=\"robots\" content=\"index, follow, max-snippet:-1, max-image-preview:large, max-video-preview:-1\" \/>\n<link rel=\"canonical\" href=\"https:\/\/fakebook.eco.br\/17-delirios-ambientais-do-plano-de-governo-do-jair\/\" \/>\n<meta name=\"twitter:label1\" content=\"Written by\" \/>\n\t<meta name=\"twitter:data1\" content=\"Claudio Angelo\" \/>\n\t<meta name=\"twitter:label2\" content=\"Est. reading time\" \/>\n\t<meta name=\"twitter:data2\" content=\"19 minutes\" \/>\n<script type=\"application\/ld+json\" class=\"yoast-schema-graph\">{\"@context\":\"https:\/\/schema.org\",\"@graph\":[{\"@type\":\"Article\",\"@id\":\"https:\/\/fakebook.eco.br\/17-delirios-ambientais-do-plano-de-governo-do-jair\/#article\",\"isPartOf\":{\"@id\":\"https:\/\/fakebook.eco.br\/17-delirios-ambientais-do-plano-de-governo-do-jair\/\"},\"author\":{\"name\":\"Claudio Angelo\",\"@id\":\"https:\/\/fakebook.eco.br\/#\/schema\/person\/5295982b8fbd7e5e6d77b6f1a176ac6b\"},\"headline\":\"17 del\u00edrios ambientais do plano de governo do Jair\",\"datePublished\":\"2022-08-15T09:00:25+00:00\",\"dateModified\":\"2022-11-24T18:03:28+00:00\",\"mainEntityOfPage\":{\"@id\":\"https:\/\/fakebook.eco.br\/17-delirios-ambientais-do-plano-de-governo-do-jair\/\"},\"wordCount\":4335,\"publisher\":{\"@id\":\"https:\/\/fakebook.eco.br\/#organization\"},\"image\":{\"@id\":\"https:\/\/fakebook.eco.br\/17-delirios-ambientais-do-plano-de-governo-do-jair\/#primaryimage\"},\"thumbnailUrl\":\"https:\/\/fakebook.eco.br\/wp-content\/uploads\/2022\/08\/52277292289_338433bde5_k-e1660528034457.jpg\",\"keywords\":[\"Amazonia\",\"combust\u00edveis f\u00f3sseis\",\"Elei\u00e7\u00f5es 2022\",\"emiss\u00f5es\",\"Inpe\",\"Jair Bolsonaro\",\"lixo\",\"plano de governo\",\"povos ind\u00edgena\"],\"articleSection\":[\"Opinion\"],\"inLanguage\":\"en-US\"},{\"@type\":\"WebPage\",\"@id\":\"https:\/\/fakebook.eco.br\/17-delirios-ambientais-do-plano-de-governo-do-jair\/\",\"url\":\"https:\/\/fakebook.eco.br\/17-delirios-ambientais-do-plano-de-governo-do-jair\/\",\"name\":\"[:pt]17 del\u00edrios ambientais do plano de governo do Jair[:] - Fakebook\",\"isPartOf\":{\"@id\":\"https:\/\/fakebook.eco.br\/#website\"},\"primaryImageOfPage\":{\"@id\":\"https:\/\/fakebook.eco.br\/17-delirios-ambientais-do-plano-de-governo-do-jair\/#primaryimage\"},\"image\":{\"@id\":\"https:\/\/fakebook.eco.br\/17-delirios-ambientais-do-plano-de-governo-do-jair\/#primaryimage\"},\"thumbnailUrl\":\"https:\/\/fakebook.eco.br\/wp-content\/uploads\/2022\/08\/52277292289_338433bde5_k-e1660528034457.jpg\",\"datePublished\":\"2022-08-15T09:00:25+00:00\",\"dateModified\":\"2022-11-24T18:03:28+00:00\",\"breadcrumb\":{\"@id\":\"https:\/\/fakebook.eco.br\/17-delirios-ambientais-do-plano-de-governo-do-jair\/#breadcrumb\"},\"inLanguage\":\"en-US\",\"potentialAction\":[{\"@type\":\"ReadAction\",\"target\":[\"https:\/\/fakebook.eco.br\/17-delirios-ambientais-do-plano-de-governo-do-jair\/\"]}]},{\"@type\":\"ImageObject\",\"inLanguage\":\"en-US\",\"@id\":\"https:\/\/fakebook.eco.br\/17-delirios-ambientais-do-plano-de-governo-do-jair\/#primaryimage\",\"url\":\"https:\/\/fakebook.eco.br\/wp-content\/uploads\/2022\/08\/52277292289_338433bde5_k-e1660528034457.jpg\",\"contentUrl\":\"https:\/\/fakebook.eco.br\/wp-content\/uploads\/2022\/08\/52277292289_338433bde5_k-e1660528034457.jpg\",\"width\":2048,\"height\":998,\"caption\":\"O presidente Jair Bolsonaro, entre generais e ruralistas (Foto: Clauber Cleber Caetano\/PR)\"},{\"@type\":\"BreadcrumbList\",\"@id\":\"https:\/\/fakebook.eco.br\/17-delirios-ambientais-do-plano-de-governo-do-jair\/#breadcrumb\",\"itemListElement\":[{\"@type\":\"ListItem\",\"position\":1,\"name\":\"In\u00edcio\",\"item\":\"https:\/\/fakebook.eco.br\/\"},{\"@type\":\"ListItem\",\"position\":2,\"name\":\"17 del\u00edrios ambientais do plano de governo do Jair\"}]},{\"@type\":\"WebSite\",\"@id\":\"https:\/\/fakebook.eco.br\/#website\",\"url\":\"https:\/\/fakebook.eco.br\/\",\"name\":\"Fakebook\",\"description\":\"Combatendo a desinforma\u00e7\u00e3o ambiental\",\"publisher\":{\"@id\":\"https:\/\/fakebook.eco.br\/#organization\"},\"potentialAction\":[{\"@type\":\"SearchAction\",\"target\":{\"@type\":\"EntryPoint\",\"urlTemplate\":\"https:\/\/fakebook.eco.br\/?s={search_term_string}\"},\"query-input\":{\"@type\":\"PropertyValueSpecification\",\"valueRequired\":true,\"valueName\":\"search_term_string\"}}],\"inLanguage\":\"en-US\"},{\"@type\":\"Organization\",\"@id\":\"https:\/\/fakebook.eco.br\/#organization\",\"name\":\"Fakebook.eco.br\",\"url\":\"https:\/\/fakebook.eco.br\/\",\"logo\":{\"@type\":\"ImageObject\",\"inLanguage\":\"en-US\",\"@id\":\"https:\/\/fakebook.eco.br\/#\/schema\/logo\/image\/\",\"url\":\"http:\/\/35.166.57.135\/wp-content\/uploads\/2020\/06\/logo.svg\",\"contentUrl\":\"http:\/\/35.166.57.135\/wp-content\/uploads\/2020\/06\/logo.svg\",\"width\":192,\"height\":21,\"caption\":\"Fakebook.eco.br\"},\"image\":{\"@id\":\"https:\/\/fakebook.eco.br\/#\/schema\/logo\/image\/\"}},{\"@type\":\"Person\",\"@id\":\"https:\/\/fakebook.eco.br\/#\/schema\/person\/5295982b8fbd7e5e6d77b6f1a176ac6b\",\"name\":\"Claudio Angelo\",\"image\":{\"@type\":\"ImageObject\",\"inLanguage\":\"en-US\",\"@id\":\"https:\/\/fakebook.eco.br\/#\/schema\/person\/image\/\",\"url\":\"https:\/\/secure.gravatar.com\/avatar\/56e8066c9b6bd8ec20643c58fd727e3bb5bd77be90ab6ad0237524ee940709c3?s=96&d=mm&r=g\",\"contentUrl\":\"https:\/\/secure.gravatar.com\/avatar\/56e8066c9b6bd8ec20643c58fd727e3bb5bd77be90ab6ad0237524ee940709c3?s=96&d=mm&r=g\",\"caption\":\"Claudio Angelo\"}}]}<\/script>\n<!-- \/ Yoast SEO plugin. -->","yoast_head_json":{"title":"[:pt]17 del\u00edrios ambientais do plano de governo do Jair[:] - Fakebook","robots":{"index":"index","follow":"follow","max-snippet":"max-snippet:-1","max-image-preview":"max-image-preview:large","max-video-preview":"max-video-preview:-1"},"canonical":"https:\/\/fakebook.eco.br\/17-delirios-ambientais-do-plano-de-governo-do-jair\/","twitter_misc":{"Written by":"Claudio Angelo","Est. reading time":"19 minutes"},"schema":{"@context":"https:\/\/schema.org","@graph":[{"@type":"Article","@id":"https:\/\/fakebook.eco.br\/17-delirios-ambientais-do-plano-de-governo-do-jair\/#article","isPartOf":{"@id":"https:\/\/fakebook.eco.br\/17-delirios-ambientais-do-plano-de-governo-do-jair\/"},"author":{"name":"Claudio Angelo","@id":"https:\/\/fakebook.eco.br\/#\/schema\/person\/5295982b8fbd7e5e6d77b6f1a176ac6b"},"headline":"17 del\u00edrios ambientais do plano de governo do Jair","datePublished":"2022-08-15T09:00:25+00:00","dateModified":"2022-11-24T18:03:28+00:00","mainEntityOfPage":{"@id":"https:\/\/fakebook.eco.br\/17-delirios-ambientais-do-plano-de-governo-do-jair\/"},"wordCount":4335,"publisher":{"@id":"https:\/\/fakebook.eco.br\/#organization"},"image":{"@id":"https:\/\/fakebook.eco.br\/17-delirios-ambientais-do-plano-de-governo-do-jair\/#primaryimage"},"thumbnailUrl":"https:\/\/fakebook.eco.br\/wp-content\/uploads\/2022\/08\/52277292289_338433bde5_k-e1660528034457.jpg","keywords":["Amazonia","combust\u00edveis f\u00f3sseis","Elei\u00e7\u00f5es 2022","emiss\u00f5es","Inpe","Jair Bolsonaro","lixo","plano de governo","povos ind\u00edgena"],"articleSection":["Opinion"],"inLanguage":"en-US"},{"@type":"WebPage","@id":"https:\/\/fakebook.eco.br\/17-delirios-ambientais-do-plano-de-governo-do-jair\/","url":"https:\/\/fakebook.eco.br\/17-delirios-ambientais-do-plano-de-governo-do-jair\/","name":"[:pt]17 del\u00edrios ambientais do plano de governo do Jair[:] - Fakebook","isPartOf":{"@id":"https:\/\/fakebook.eco.br\/#website"},"primaryImageOfPage":{"@id":"https:\/\/fakebook.eco.br\/17-delirios-ambientais-do-plano-de-governo-do-jair\/#primaryimage"},"image":{"@id":"https:\/\/fakebook.eco.br\/17-delirios-ambientais-do-plano-de-governo-do-jair\/#primaryimage"},"thumbnailUrl":"https:\/\/fakebook.eco.br\/wp-content\/uploads\/2022\/08\/52277292289_338433bde5_k-e1660528034457.jpg","datePublished":"2022-08-15T09:00:25+00:00","dateModified":"2022-11-24T18:03:28+00:00","breadcrumb":{"@id":"https:\/\/fakebook.eco.br\/17-delirios-ambientais-do-plano-de-governo-do-jair\/#breadcrumb"},"inLanguage":"en-US","potentialAction":[{"@type":"ReadAction","target":["https:\/\/fakebook.eco.br\/17-delirios-ambientais-do-plano-de-governo-do-jair\/"]}]},{"@type":"ImageObject","inLanguage":"en-US","@id":"https:\/\/fakebook.eco.br\/17-delirios-ambientais-do-plano-de-governo-do-jair\/#primaryimage","url":"https:\/\/fakebook.eco.br\/wp-content\/uploads\/2022\/08\/52277292289_338433bde5_k-e1660528034457.jpg","contentUrl":"https:\/\/fakebook.eco.br\/wp-content\/uploads\/2022\/08\/52277292289_338433bde5_k-e1660528034457.jpg","width":2048,"height":998,"caption":"O presidente Jair Bolsonaro, entre generais e ruralistas (Foto: Clauber Cleber Caetano\/PR)"},{"@type":"BreadcrumbList","@id":"https:\/\/fakebook.eco.br\/17-delirios-ambientais-do-plano-de-governo-do-jair\/#breadcrumb","itemListElement":[{"@type":"ListItem","position":1,"name":"In\u00edcio","item":"https:\/\/fakebook.eco.br\/"},{"@type":"ListItem","position":2,"name":"17 del\u00edrios ambientais do plano de governo do Jair"}]},{"@type":"WebSite","@id":"https:\/\/fakebook.eco.br\/#website","url":"https:\/\/fakebook.eco.br\/","name":"Fakebook","description":"Combatendo a desinforma\u00e7\u00e3o ambiental","publisher":{"@id":"https:\/\/fakebook.eco.br\/#organization"},"potentialAction":[{"@type":"SearchAction","target":{"@type":"EntryPoint","urlTemplate":"https:\/\/fakebook.eco.br\/?s={search_term_string}"},"query-input":{"@type":"PropertyValueSpecification","valueRequired":true,"valueName":"search_term_string"}}],"inLanguage":"en-US"},{"@type":"Organization","@id":"https:\/\/fakebook.eco.br\/#organization","name":"Fakebook.eco.br","url":"https:\/\/fakebook.eco.br\/","logo":{"@type":"ImageObject","inLanguage":"en-US","@id":"https:\/\/fakebook.eco.br\/#\/schema\/logo\/image\/","url":"http:\/\/35.166.57.135\/wp-content\/uploads\/2020\/06\/logo.svg","contentUrl":"http:\/\/35.166.57.135\/wp-content\/uploads\/2020\/06\/logo.svg","width":192,"height":21,"caption":"Fakebook.eco.br"},"image":{"@id":"https:\/\/fakebook.eco.br\/#\/schema\/logo\/image\/"}},{"@type":"Person","@id":"https:\/\/fakebook.eco.br\/#\/schema\/person\/5295982b8fbd7e5e6d77b6f1a176ac6b","name":"Claudio Angelo","image":{"@type":"ImageObject","inLanguage":"en-US","@id":"https:\/\/fakebook.eco.br\/#\/schema\/person\/image\/","url":"https:\/\/secure.gravatar.com\/avatar\/56e8066c9b6bd8ec20643c58fd727e3bb5bd77be90ab6ad0237524ee940709c3?s=96&d=mm&r=g","contentUrl":"https:\/\/secure.gravatar.com\/avatar\/56e8066c9b6bd8ec20643c58fd727e3bb5bd77be90ab6ad0237524ee940709c3?s=96&d=mm&r=g","caption":"Claudio Angelo"}}]}},"jetpack_featured_media_url":"https:\/\/fakebook.eco.br\/wp-content\/uploads\/2022\/08\/52277292289_338433bde5_k-e1660528034457.jpg","jetpack_sharing_enabled":true,"_links":{"self":[{"href":"https:\/\/fakebook.eco.br\/en\/wp-json\/wp\/v2\/posts\/3285","targetHints":{"allow":["GET"]}}],"collection":[{"href":"https:\/\/fakebook.eco.br\/en\/wp-json\/wp\/v2\/posts"}],"about":[{"href":"https:\/\/fakebook.eco.br\/en\/wp-json\/wp\/v2\/types\/post"}],"author":[{"embeddable":true,"href":"https:\/\/fakebook.eco.br\/en\/wp-json\/wp\/v2\/users\/6"}],"replies":[{"embeddable":true,"href":"https:\/\/fakebook.eco.br\/en\/wp-json\/wp\/v2\/comments?post=3285"}],"version-history":[{"count":0,"href":"https:\/\/fakebook.eco.br\/en\/wp-json\/wp\/v2\/posts\/3285\/revisions"}],"wp:featuredmedia":[{"embeddable":true,"href":"https:\/\/fakebook.eco.br\/en\/wp-json\/wp\/v2\/media\/3294"}],"wp:attachment":[{"href":"https:\/\/fakebook.eco.br\/en\/wp-json\/wp\/v2\/media?parent=3285"}],"wp:term":[{"taxonomy":"category","embeddable":true,"href":"https:\/\/fakebook.eco.br\/en\/wp-json\/wp\/v2\/categories?post=3285"},{"taxonomy":"post_tag","embeddable":true,"href":"https:\/\/fakebook.eco.br\/en\/wp-json\/wp\/v2\/tags?post=3285"}],"curies":[{"name":"wp","href":"https:\/\/api.w.org\/{rel}","templated":true}]}}