{"id":3553,"date":"2024-03-22T12:02:15","date_gmt":"2024-03-22T15:02:15","guid":{"rendered":"https:\/\/fakebook.eco.br\/?p=3553"},"modified":"2024-03-22T12:02:15","modified_gmt":"2024-03-22T15:02:15","slug":"ferrograo-nao-reduzira-emissoes-como-afirmou-senador","status":"publish","type":"post","link":"https:\/\/fakebook.eco.br\/en\/ferrograo-nao-reduzira-emissoes-como-afirmou-senador\/","title":{"rendered":"Ferrogr\u00e3o n\u00e3o reduzir\u00e1 emiss\u00f5es, como afirmou senador"},"content":{"rendered":"<p class=\"qtranxs-available-languages-message qtranxs-available-languages-message-en\">Sorry, this entry is only available in <a href=\"https:\/\/fakebook.eco.br\/pt\/wp-json\/wp\/v2\/posts\/3553\" class=\"qtranxs-available-language-link qtranxs-available-language-link-pt\" title=\"Portugu\u00eas do Brasil\">Portugu\u00eas do Brasil<\/a>.<\/p>","protected":false},"excerpt":{"rendered":"<p class=\"qtranxs-available-languages-message qtranxs-available-languages-message-en\">Sorry, this entry is only available in <a href=\"https:\/\/fakebook.eco.br\/pt\/wp-json\/wp\/v2\/posts\/3553\" class=\"qtranxs-available-language-link qtranxs-available-language-link-pt\" title=\"Portugu\u00eas do Brasil\">Portugu\u00eas do Brasil<\/a>.<\/p>\n","protected":false},"author":6,"featured_media":3555,"comment_status":"closed","ping_status":"open","sticky":false,"template":"","format":"standard","meta":{"_monsterinsights_skip_tracking":false,"_monsterinsights_sitenote_active":false,"_monsterinsights_sitenote_note":"","_monsterinsights_sitenote_category":0,"_jetpack_memberships_contains_paid_content":false,"footnotes":""},"categories":[3],"tags":[],"class_list":["post-3553","post","type-post","status-publish","format-standard","has-post-thumbnail","hentry","category-verificamos"],"yoast_head":"<!-- This site is optimized with the Yoast SEO plugin v26.1.1 - https:\/\/yoast.com\/wordpress\/plugins\/seo\/ -->\n<title><\/title>\n<meta name=\"robots\" content=\"index, follow, max-snippet:-1, max-image-preview:large, max-video-preview:-1\" \/>\n<link rel=\"canonical\" href=\"https:\/\/fakebook.eco.br\/ferrograo-nao-reduzira-emissoes-como-afirmou-senador\/\" \/>\n<meta name=\"twitter:label1\" content=\"Written by\" \/>\n\t<meta name=\"twitter:data1\" content=\"Claudio Angelo\" \/>\n\t<meta name=\"twitter:label2\" content=\"Est. reading time\" \/>\n\t<meta name=\"twitter:data2\" content=\"5 minutes\" \/>\n<script type=\"application\/ld+json\" class=\"yoast-schema-graph\">{\"@context\":\"https:\/\/schema.org\",\"@graph\":[{\"@type\":\"Article\",\"@id\":\"https:\/\/fakebook.eco.br\/ferrograo-nao-reduzira-emissoes-como-afirmou-senador\/#article\",\"isPartOf\":{\"@id\":\"https:\/\/fakebook.eco.br\/ferrograo-nao-reduzira-emissoes-como-afirmou-senador\/\"},\"author\":{\"name\":\"Claudio Angelo\",\"@id\":\"https:\/\/fakebook.eco.br\/#\/schema\/person\/5295982b8fbd7e5e6d77b6f1a176ac6b\"},\"headline\":\"Ferrogr\u00e3o n\u00e3o reduzir\u00e1 emiss\u00f5es, como afirmou senador\",\"datePublished\":\"2024-03-22T15:02:15+00:00\",\"mainEntityOfPage\":{\"@id\":\"https:\/\/fakebook.eco.br\/ferrograo-nao-reduzira-emissoes-como-afirmou-senador\/\"},\"wordCount\":1039,\"publisher\":{\"@id\":\"https:\/\/fakebook.eco.br\/#organization\"},\"image\":{\"@id\":\"https:\/\/fakebook.eco.br\/ferrograo-nao-reduzira-emissoes-como-afirmou-senador\/#primaryimage\"},\"thumbnailUrl\":\"https:\/\/fakebook.eco.br\/wp-content\/uploads\/2024\/03\/sinframt-e1711119724306.jpg\",\"articleSection\":[\"We've checked\"],\"inLanguage\":\"en-US\"},{\"@type\":\"WebPage\",\"@id\":\"https:\/\/fakebook.eco.br\/ferrograo-nao-reduzira-emissoes-como-afirmou-senador\/\",\"url\":\"https:\/\/fakebook.eco.br\/ferrograo-nao-reduzira-emissoes-como-afirmou-senador\/\",\"name\":\"[:pt]Ferrogr\u00e3o n\u00e3o reduzir\u00e1 emiss\u00f5es, como afirmou senador[:] - Fakebook\",\"isPartOf\":{\"@id\":\"https:\/\/fakebook.eco.br\/#website\"},\"primaryImageOfPage\":{\"@id\":\"https:\/\/fakebook.eco.br\/ferrograo-nao-reduzira-emissoes-como-afirmou-senador\/#primaryimage\"},\"image\":{\"@id\":\"https:\/\/fakebook.eco.br\/ferrograo-nao-reduzira-emissoes-como-afirmou-senador\/#primaryimage\"},\"thumbnailUrl\":\"https:\/\/fakebook.eco.br\/wp-content\/uploads\/2024\/03\/sinframt-e1711119724306.jpg\",\"datePublished\":\"2024-03-22T15:02:15+00:00\",\"breadcrumb\":{\"@id\":\"https:\/\/fakebook.eco.br\/ferrograo-nao-reduzira-emissoes-como-afirmou-senador\/#breadcrumb\"},\"inLanguage\":\"en-US\",\"potentialAction\":[{\"@type\":\"ReadAction\",\"target\":[\"https:\/\/fakebook.eco.br\/ferrograo-nao-reduzira-emissoes-como-afirmou-senador\/\"]}]},{\"@type\":\"ImageObject\",\"inLanguage\":\"en-US\",\"@id\":\"https:\/\/fakebook.eco.br\/ferrograo-nao-reduzira-emissoes-como-afirmou-senador\/#primaryimage\",\"url\":\"https:\/\/fakebook.eco.br\/wp-content\/uploads\/2024\/03\/sinframt-e1711119724306.jpg\",\"contentUrl\":\"https:\/\/fakebook.eco.br\/wp-content\/uploads\/2024\/03\/sinframt-e1711119724306.jpg\",\"width\":1018,\"height\":435,\"caption\":\"Terminal graneleiro em Miritituba, PA, ponto final da Ferrogr\u00e3o (Foto: Sinfra\/MT)\"},{\"@type\":\"BreadcrumbList\",\"@id\":\"https:\/\/fakebook.eco.br\/ferrograo-nao-reduzira-emissoes-como-afirmou-senador\/#breadcrumb\",\"itemListElement\":[{\"@type\":\"ListItem\",\"position\":1,\"name\":\"In\u00edcio\",\"item\":\"https:\/\/fakebook.eco.br\/\"},{\"@type\":\"ListItem\",\"position\":2,\"name\":\"Ferrogr\u00e3o n\u00e3o reduzir\u00e1 emiss\u00f5es, como afirmou senador\"}]},{\"@type\":\"WebSite\",\"@id\":\"https:\/\/fakebook.eco.br\/#website\",\"url\":\"https:\/\/fakebook.eco.br\/\",\"name\":\"Fakebook\",\"description\":\"Combatendo a desinforma\u00e7\u00e3o ambiental\",\"publisher\":{\"@id\":\"https:\/\/fakebook.eco.br\/#organization\"},\"potentialAction\":[{\"@type\":\"SearchAction\",\"target\":{\"@type\":\"EntryPoint\",\"urlTemplate\":\"https:\/\/fakebook.eco.br\/?s={search_term_string}\"},\"query-input\":{\"@type\":\"PropertyValueSpecification\",\"valueRequired\":true,\"valueName\":\"search_term_string\"}}],\"inLanguage\":\"en-US\"},{\"@type\":\"Organization\",\"@id\":\"https:\/\/fakebook.eco.br\/#organization\",\"name\":\"Fakebook.eco.br\",\"url\":\"https:\/\/fakebook.eco.br\/\",\"logo\":{\"@type\":\"ImageObject\",\"inLanguage\":\"en-US\",\"@id\":\"https:\/\/fakebook.eco.br\/#\/schema\/logo\/image\/\",\"url\":\"http:\/\/35.166.57.135\/wp-content\/uploads\/2020\/06\/logo.svg\",\"contentUrl\":\"http:\/\/35.166.57.135\/wp-content\/uploads\/2020\/06\/logo.svg\",\"width\":192,\"height\":21,\"caption\":\"Fakebook.eco.br\"},\"image\":{\"@id\":\"https:\/\/fakebook.eco.br\/#\/schema\/logo\/image\/\"}},{\"@type\":\"Person\",\"@id\":\"https:\/\/fakebook.eco.br\/#\/schema\/person\/5295982b8fbd7e5e6d77b6f1a176ac6b\",\"name\":\"Claudio Angelo\",\"image\":{\"@type\":\"ImageObject\",\"inLanguage\":\"en-US\",\"@id\":\"https:\/\/fakebook.eco.br\/#\/schema\/person\/image\/\",\"url\":\"https:\/\/secure.gravatar.com\/avatar\/56e8066c9b6bd8ec20643c58fd727e3bb5bd77be90ab6ad0237524ee940709c3?s=96&d=mm&r=g\",\"contentUrl\":\"https:\/\/secure.gravatar.com\/avatar\/56e8066c9b6bd8ec20643c58fd727e3bb5bd77be90ab6ad0237524ee940709c3?s=96&d=mm&r=g\",\"caption\":\"Claudio Angelo\"}}]}<\/script>\n<!-- \/ Yoast SEO plugin. -->","yoast_head_json":{"title":"[:pt]Ferrogr\u00e3o n\u00e3o reduzir\u00e1 emiss\u00f5es, como afirmou senador[:] - Fakebook","robots":{"index":"index","follow":"follow","max-snippet":"max-snippet:-1","max-image-preview":"max-image-preview:large","max-video-preview":"max-video-preview:-1"},"canonical":"https:\/\/fakebook.eco.br\/ferrograo-nao-reduzira-emissoes-como-afirmou-senador\/","twitter_misc":{"Written by":"Claudio Angelo","Est. reading time":"5 minutes"},"schema":{"@context":"https:\/\/schema.org","@graph":[{"@type":"Article","@id":"https:\/\/fakebook.eco.br\/ferrograo-nao-reduzira-emissoes-como-afirmou-senador\/#article","isPartOf":{"@id":"https:\/\/fakebook.eco.br\/ferrograo-nao-reduzira-emissoes-como-afirmou-senador\/"},"author":{"name":"Claudio Angelo","@id":"https:\/\/fakebook.eco.br\/#\/schema\/person\/5295982b8fbd7e5e6d77b6f1a176ac6b"},"headline":"Ferrogr\u00e3o n\u00e3o reduzir\u00e1 emiss\u00f5es, como afirmou senador","datePublished":"2024-03-22T15:02:15+00:00","mainEntityOfPage":{"@id":"https:\/\/fakebook.eco.br\/ferrograo-nao-reduzira-emissoes-como-afirmou-senador\/"},"wordCount":1039,"publisher":{"@id":"https:\/\/fakebook.eco.br\/#organization"},"image":{"@id":"https:\/\/fakebook.eco.br\/ferrograo-nao-reduzira-emissoes-como-afirmou-senador\/#primaryimage"},"thumbnailUrl":"https:\/\/fakebook.eco.br\/wp-content\/uploads\/2024\/03\/sinframt-e1711119724306.jpg","articleSection":["We've checked"],"inLanguage":"en-US"},{"@type":"WebPage","@id":"https:\/\/fakebook.eco.br\/ferrograo-nao-reduzira-emissoes-como-afirmou-senador\/","url":"https:\/\/fakebook.eco.br\/ferrograo-nao-reduzira-emissoes-como-afirmou-senador\/","name":"[:pt]Ferrogr\u00e3o n\u00e3o reduzir\u00e1 emiss\u00f5es, como afirmou senador[:] - Fakebook","isPartOf":{"@id":"https:\/\/fakebook.eco.br\/#website"},"primaryImageOfPage":{"@id":"https:\/\/fakebook.eco.br\/ferrograo-nao-reduzira-emissoes-como-afirmou-senador\/#primaryimage"},"image":{"@id":"https:\/\/fakebook.eco.br\/ferrograo-nao-reduzira-emissoes-como-afirmou-senador\/#primaryimage"},"thumbnailUrl":"https:\/\/fakebook.eco.br\/wp-content\/uploads\/2024\/03\/sinframt-e1711119724306.jpg","datePublished":"2024-03-22T15:02:15+00:00","breadcrumb":{"@id":"https:\/\/fakebook.eco.br\/ferrograo-nao-reduzira-emissoes-como-afirmou-senador\/#breadcrumb"},"inLanguage":"en-US","potentialAction":[{"@type":"ReadAction","target":["https:\/\/fakebook.eco.br\/ferrograo-nao-reduzira-emissoes-como-afirmou-senador\/"]}]},{"@type":"ImageObject","inLanguage":"en-US","@id":"https:\/\/fakebook.eco.br\/ferrograo-nao-reduzira-emissoes-como-afirmou-senador\/#primaryimage","url":"https:\/\/fakebook.eco.br\/wp-content\/uploads\/2024\/03\/sinframt-e1711119724306.jpg","contentUrl":"https:\/\/fakebook.eco.br\/wp-content\/uploads\/2024\/03\/sinframt-e1711119724306.jpg","width":1018,"height":435,"caption":"Terminal graneleiro em Miritituba, PA, ponto final da Ferrogr\u00e3o (Foto: Sinfra\/MT)"},{"@type":"BreadcrumbList","@id":"https:\/\/fakebook.eco.br\/ferrograo-nao-reduzira-emissoes-como-afirmou-senador\/#breadcrumb","itemListElement":[{"@type":"ListItem","position":1,"name":"In\u00edcio","item":"https:\/\/fakebook.eco.br\/"},{"@type":"ListItem","position":2,"name":"Ferrogr\u00e3o n\u00e3o reduzir\u00e1 emiss\u00f5es, como afirmou senador"}]},{"@type":"WebSite","@id":"https:\/\/fakebook.eco.br\/#website","url":"https:\/\/fakebook.eco.br\/","name":"Fakebook","description":"Combatendo a desinforma\u00e7\u00e3o ambiental","publisher":{"@id":"https:\/\/fakebook.eco.br\/#organization"},"potentialAction":[{"@type":"SearchAction","target":{"@type":"EntryPoint","urlTemplate":"https:\/\/fakebook.eco.br\/?s={search_term_string}"},"query-input":{"@type":"PropertyValueSpecification","valueRequired":true,"valueName":"search_term_string"}}],"inLanguage":"en-US"},{"@type":"Organization","@id":"https:\/\/fakebook.eco.br\/#organization","name":"Fakebook.eco.br","url":"https:\/\/fakebook.eco.br\/","logo":{"@type":"ImageObject","inLanguage":"en-US","@id":"https:\/\/fakebook.eco.br\/#\/schema\/logo\/image\/","url":"http:\/\/35.166.57.135\/wp-content\/uploads\/2020\/06\/logo.svg","contentUrl":"http:\/\/35.166.57.135\/wp-content\/uploads\/2020\/06\/logo.svg","width":192,"height":21,"caption":"Fakebook.eco.br"},"image":{"@id":"https:\/\/fakebook.eco.br\/#\/schema\/logo\/image\/"}},{"@type":"Person","@id":"https:\/\/fakebook.eco.br\/#\/schema\/person\/5295982b8fbd7e5e6d77b6f1a176ac6b","name":"Claudio Angelo","image":{"@type":"ImageObject","inLanguage":"en-US","@id":"https:\/\/fakebook.eco.br\/#\/schema\/person\/image\/","url":"https:\/\/secure.gravatar.com\/avatar\/56e8066c9b6bd8ec20643c58fd727e3bb5bd77be90ab6ad0237524ee940709c3?s=96&d=mm&r=g","contentUrl":"https:\/\/secure.gravatar.com\/avatar\/56e8066c9b6bd8ec20643c58fd727e3bb5bd77be90ab6ad0237524ee940709c3?s=96&d=mm&r=g","caption":"Claudio Angelo"}}]}},"jetpack_featured_media_url":"https:\/\/fakebook.eco.br\/wp-content\/uploads\/2024\/03\/sinframt-e1711119724306.jpg","jetpack_sharing_enabled":true,"_links":{"self":[{"href":"https:\/\/fakebook.eco.br\/en\/wp-json\/wp\/v2\/posts\/3553","targetHints":{"allow":["GET"]}}],"collection":[{"href":"https:\/\/fakebook.eco.br\/en\/wp-json\/wp\/v2\/posts"}],"about":[{"href":"https:\/\/fakebook.eco.br\/en\/wp-json\/wp\/v2\/types\/post"}],"author":[{"embeddable":true,"href":"https:\/\/fakebook.eco.br\/en\/wp-json\/wp\/v2\/users\/6"}],"replies":[{"embeddable":true,"href":"https:\/\/fakebook.eco.br\/en\/wp-json\/wp\/v2\/comments?post=3553"}],"version-history":[{"count":0,"href":"https:\/\/fakebook.eco.br\/en\/wp-json\/wp\/v2\/posts\/3553\/revisions"}],"wp:featuredmedia":[{"embeddable":true,"href":"https:\/\/fakebook.eco.br\/en\/wp-json\/wp\/v2\/media\/3555"}],"wp:attachment":[{"href":"https:\/\/fakebook.eco.br\/en\/wp-json\/wp\/v2\/media?parent=3553"}],"wp:term":[{"taxonomy":"category","embeddable":true,"href":"https:\/\/fakebook.eco.br\/en\/wp-json\/wp\/v2\/categories?post=3553"},{"taxonomy":"post_tag","embeddable":true,"href":"https:\/\/fakebook.eco.br\/en\/wp-json\/wp\/v2\/tags?post=3553"}],"curies":[{"name":"wp","href":"https:\/\/api.w.org\/{rel}","templated":true}]}}